{"id":16707,"date":"2026-03-12T17:54:09","date_gmt":"2026-03-12T16:54:09","guid":{"rendered":"https:\/\/entrelapoireetlefromage.com\/blog\/?p=16707"},"modified":"2026-03-12T17:54:10","modified_gmt":"2026-03-12T16:54:10","slug":"salade-de-brocolis-poitrine-fumee-croutons-vinaigrette-a-lail-noir","status":"publish","type":"post","link":"https:\/\/entrelapoireetlefromage.com\/blog\/index.php\/2026\/03\/12\/salade-de-brocolis-poitrine-fumee-croutons-vinaigrette-a-lail-noir\/","title":{"rendered":"Salade de Brocolis, Poitrine Fum\u00e9e &amp; Cro\u00fbtons, Vinaigrette \u00e0 l&rsquo;Ail Noir"},"content":{"rendered":"\n<p>Croquante, gourmande et pleine de contrastes, cette salade de brocoli associe des textures et des saveurs qui fonctionnent \u00e0 merveille : brocoli frais, poitrine fum\u00e9e croustillante, cro\u00fbtons dor\u00e9s, raisins secs et oignons verts. Mais ce qui la rend vraiment unique, c\u2019est sa vinaigrette \u00e0 l\u2019ail noir.<\/p>\n\n\n\n<!--more-->\n\n\n\n<p>Longtemps r\u00e9serv\u00e9 \u00e0 certaines cuisines d\u2019Asie, l\u2019ail noir est aujourd\u2019hui consid\u00e9r\u00e9 comme un ingr\u00e9dient gastronomique. Sa douceur, ses notes l\u00e9g\u00e8rement sucr\u00e9es et balsamiques et sa profondeur umami en font un alli\u00e9 parfait pour transformer une simple vinaigrette en condiment sophistiqu\u00e9.<\/p>\n\n\n\n<p>Dans cette recette, il apporte une dimension aromatique qui \u00e9quilibre parfaitement le croquant du brocoli et le c\u00f4t\u00e9 sal\u00e9 de la poitrine fum\u00e9e.<\/p>\n\n\n\n<p><strong>L\u2019ail noir : un ingr\u00e9dient ancien devenu tendance<\/strong><\/p>\n\n\n\n<p>Contrairement \u00e0 ce que son nom pourrait laisser croire, l\u2019ail noir n\u2019est pas une vari\u00e9t\u00e9 d\u2019ail diff\u00e9rente. Il s\u2019agit en r\u00e9alit\u00e9 d\u2019ail blanc classique qui a subi un processus de transformation naturel.<\/p>\n\n\n\n<p>Les bulbes d\u2019ail sont plac\u00e9s dans un environnement chaud et humide pendant plusieurs semaines. Ce processus provoque une r\u00e9action chimique appel\u00e9e r\u00e9action de Maillard, la m\u00eame qui donne aux aliments grill\u00e9s leurs ar\u00f4mes complexes.<\/p>\n\n\n\n<p>Au fil des semaines, les gousses deviennent noires, tendres et l\u00e9g\u00e8rement collantes. Leur go\u00fbt \u00e9volue compl\u00e8tement : la force piquante de l\u2019ail dispara\u00eet pour laisser place \u00e0 des notes douces, balsamiques et l\u00e9g\u00e8rement caram\u00e9lis\u00e9es.<\/p>\n\n\n\n<p>Le r\u00e9sultat ressemble presque \u00e0 une p\u00e2te d\u2019ail sucr\u00e9e, avec des ar\u00f4mes qui rappellent parfois le vinaigre balsamique, la m\u00e9lasse, la r\u00e9glisse, le tamarin ou encore les fruits secs.<\/p>\n\n\n\n<p><strong>Une origine asiatique, une popularit\u00e9 mondiale<\/strong><\/p>\n\n\n\n<p>L\u2019ail noir est particuli\u00e8rement associ\u00e9 \u00e0 la cuisine cor\u00e9enne, o\u00f9 il est produit depuis plusieurs d\u00e9cennies et utilis\u00e9 pour ses qualit\u00e9s gustatives et nutritionnelles. On le retrouve \u00e9galement dans certaines traditions culinaires japonaises et chinoises.<\/p>\n\n\n\n<p>\u00c0 l\u2019origine, il \u00e9tait souvent consomm\u00e9 pour ses propri\u00e9t\u00e9s r\u00e9put\u00e9es b\u00e9n\u00e9fiques pour la sant\u00e9, car le processus de maturation augmente certains compos\u00e9s antioxydants pr\u00e9sents dans l\u2019ail.<\/p>\n\n\n\n<p>Dans les ann\u00e9es 2000, l\u2019ail noir a commenc\u00e9 \u00e0 attirer l\u2019attention des chefs gastronomiques en Europe et en Am\u00e9rique du Nord. Sa saveur complexe et douce en a fait un ingr\u00e9dient pris\u00e9 dans les cuisines cr\u00e9atives.<\/p>\n\n\n\n<p>Aujourd\u2019hui, on le retrouve dans des sauces et vinaigrettes, des pur\u00e9es et tartinades, des plats de viande ou de poisson, des risottos et m\u00eame parfois dans des desserts.<\/p>\n\n\n\n<p>L\u2019ail noir poss\u00e8de une texture presque cr\u00e9meuse qui s\u2019int\u00e8gre facilement dans les sauces. Contrairement \u00e0 l\u2019ail frais, il n\u2019est pas agressif et ne domine pas les autres ingr\u00e9dients.<\/p>\n\n\n\n<p>Associ\u00e9 \u00e0 la mayonnaise, au yogourt et \u00e0 un peu de moutarde, il cr\u00e9e une vinaigrette riche et velout\u00e9e qui enrobe parfaitement les l\u00e9gumes croquants.<\/p>\n\n\n\n<p><\/p>\n\n\n<div class=\"wp-block-image\">\n<figure class=\"aligncenter size-full\"><img loading=\"lazy\" decoding=\"async\" width=\"427\" height=\"640\" src=\"https:\/\/entrelapoireetlefromage.com\/blog\/wp-content\/uploads\/2026\/03\/Salade-de-Brocolis-au-Lard-Fumes-Croutons-Vinaigrette-a-lAil-Noir-2.png\" alt=\"\" class=\"wp-image-16708\" srcset=\"https:\/\/entrelapoireetlefromage.com\/blog\/wp-content\/uploads\/2026\/03\/Salade-de-Brocolis-au-Lard-Fumes-Croutons-Vinaigrette-a-lAil-Noir-2.png 427w, https:\/\/entrelapoireetlefromage.com\/blog\/wp-content\/uploads\/2026\/03\/Salade-de-Brocolis-au-Lard-Fumes-Croutons-Vinaigrette-a-lAil-Noir-2-200x300.png 200w\" sizes=\"auto, (max-width: 427px) 100vw, 427px\" \/><\/figure>\n<\/div>\n\n\n<p><\/p>\n\n\n\n<p>Temps de pr\u00e9paration: 25 minutes<\/p>\n\n\n\n<p>Temps de cuisson: 15 \u00e0 20 minutes<\/p>\n\n\n\n<p>Ingr\u00e9dients (Pour 4 personnes):<\/p>\n\n\n\n<p><strong><em>Pour la salade de brocolis:<\/em><\/strong><\/p>\n\n\n\n<ul class=\"wp-block-list\">\n<li>1 gros brocoli <\/li>\n\n\n\n<li>150 g de poitrine fum\u00e9e <\/li>\n\n\n\n<li>3 oignons verts \u00e9minc\u00e9s<\/li>\n\n\n\n<li>2 tranches de pain de campagnes<\/li>\n\n\n\n<li>1 gousse d&rsquo;ail<\/li>\n\n\n\n<li>\u00bd tasse de raisins secs<\/li>\n\n\n\n<li>2 c \u00e0 s d&rsquo;huile d&rsquo;olive<\/li>\n\n\n\n<li>sel, poivre<\/li>\n<\/ul>\n\n\n\n<p><strong><em>Pour la vinaigrette \u00e0 l&rsquo;ail noir:<\/em><\/strong><\/p>\n\n\n\n<ul class=\"wp-block-list\">\n<li>3 gousses d\u2019ail noir<\/li>\n\n\n\n<li>3 c \u00e0 s d\u2019huile d\u2019olive<\/li>\n\n\n\n<li>3 c \u00e0 s de mayonnaise<\/li>\n\n\n\n<li>2 c \u00e0 s de yaourt grec<\/li>\n\n\n\n<li>1 c \u00e0 s de moutarde de Dijon<\/li>\n\n\n\n<li>1 c \u00e0 s de vinaigre de cidre<\/li>\n\n\n\n<li>1 c \u00e0 c de miel<\/li>\n\n\n\n<li>1 \u00e0 2 c \u00e0 s d\u2019eau<\/li>\n\n\n\n<li>sel et poivre <\/li>\n<\/ul>\n\n\n\n<p><\/p>\n\n\n<div class=\"wp-block-image\">\n<figure class=\"aligncenter size-full\"><img loading=\"lazy\" decoding=\"async\" width=\"427\" height=\"640\" src=\"https:\/\/entrelapoireetlefromage.com\/blog\/wp-content\/uploads\/2026\/03\/Salade-de-Brocolis-au-Lard-Fumes-Croutons-Vinaigrette-a-lAil-Noir-3.png\" alt=\"\" class=\"wp-image-16710\" srcset=\"https:\/\/entrelapoireetlefromage.com\/blog\/wp-content\/uploads\/2026\/03\/Salade-de-Brocolis-au-Lard-Fumes-Croutons-Vinaigrette-a-lAil-Noir-3.png 427w, https:\/\/entrelapoireetlefromage.com\/blog\/wp-content\/uploads\/2026\/03\/Salade-de-Brocolis-au-Lard-Fumes-Croutons-Vinaigrette-a-lAil-Noir-3-200x300.png 200w\" sizes=\"auto, (max-width: 427px) 100vw, 427px\" \/><\/figure>\n<\/div>\n\n\n<p><\/p>\n\n\n\n<p>Instructions:<\/p>\n\n\n\n<p>Portez un grand volume d&rsquo;eau \u00e0 \u00e9bullition dans une casserole. D\u00e9taillez le brocoli en petits bouquets et plongez-le dans l&rsquo;eau bouillante pour le blanchir 2 minutes.<\/p>\n\n\n\n<p>Pass\u00e9 ce temps, plongez le brocoli dans un bain d&rsquo;eau glac\u00e9e, cela conservera sa couleur bien verte. Essorez sur du papier absorbant.<\/p>\n\n\n\n<p>Pr\u00e9chauffez votre four \u00e0 180\u00b0C. Coupez le pain en cubes d\u2019environ 1 \u00e0 2 cm. Dans un bol, m\u00e9langez les cubes de pain avec l\u2019huile d\u2019olive, l\u2019ail hach\u00e9, le sel et le poivre. Remuez bien pour enrober le pain. R\u00e9partissez les cubes de pain sur une plaque de cuisson recouverte de papier sulfuris\u00e9, en une seule couche. Enfournez 10 \u00e0 15 min, en remuant \u00e0 mi-cuisson, jusqu\u2019\u00e0 ce que les cro\u00fbtons soient dor\u00e9s et bien croustillants. R\u00e9servez.<\/p>\n\n\n\n<p>Coupez les tranches de poitrine fum\u00e9e en gros d\u00e9s. Faites-les revenir dans une po\u00eale environ 5 minutes, jusqu&rsquo;\u00e0 ce qu&rsquo;elles soient bien dor\u00e9es. R\u00e9servez sur du papier absorbant.<\/p>\n\n\n\n<p>Dans un petit bol, \u00e9crasez l\u2019ail noir en p\u00e2te, ajoutez la mayonnaise, la yaourt, la moutarde, le miel et le vinaigre. Fouettez tout en versant l&rsquo;huile d&rsquo;olive en filet. Salez, poivrez. Ajoutez un peu d\u2019eau si n\u00e9cessaire pour obtenir une texture cr\u00e9meuse mais fluide.<\/p>\n\n\n\n<p>Placez tous les ingr\u00e9dients dans un saladier, versez la vinaigrette et m\u00e9langez d\u00e9licatement. Laissez reposer une dizaine de minutes avant de servir, afin que la salade s&rsquo;enrobe des parfums de la vinaigrette \u00e0 l&rsquo;ail noir.<\/p>\n\n\n\n<ol class=\"wp-block-list\"><\/ol>\n","protected":false},"excerpt":{"rendered":"<p>Croquante, gourmande et pleine de contrastes, cette salade de brocoli associe des textures et des saveurs qui fonctionnent \u00e0 merveille : brocoli frais, poitrine fum\u00e9e &hellip; <\/p>\n","protected":false},"author":1,"featured_media":16708,"comment_status":"open","ping_status":"open","sticky":false,"template":"","format":"standard","meta":{"_exactmetrics_skip_tracking":false,"_exactmetrics_sitenote_active":false,"_exactmetrics_sitenote_note":"","_exactmetrics_sitenote_category":0,"footnotes":""},"categories":[4],"tags":[1169,300,71,700,1031,116],"class_list":["post-16707","post","type-post","status-publish","format-standard","has-post-thumbnail","hentry","category-3entrees","tag-ail-noir","tag-brocolis","tag-entree","tag-healthy","tag-recettes-rapides","tag-salade"],"_links":{"self":[{"href":"https:\/\/entrelapoireetlefromage.com\/blog\/index.php\/wp-json\/wp\/v2\/posts\/16707","targetHints":{"allow":["GET"]}}],"collection":[{"href":"https:\/\/entrelapoireetlefromage.com\/blog\/index.php\/wp-json\/wp\/v2\/posts"}],"about":[{"href":"https:\/\/entrelapoireetlefromage.com\/blog\/index.php\/wp-json\/wp\/v2\/types\/post"}],"author":[{"embeddable":true,"href":"https:\/\/entrelapoireetlefromage.com\/blog\/index.php\/wp-json\/wp\/v2\/users\/1"}],"replies":[{"embeddable":true,"href":"https:\/\/entrelapoireetlefromage.com\/blog\/index.php\/wp-json\/wp\/v2\/comments?post=16707"}],"version-history":[{"count":3,"href":"https:\/\/entrelapoireetlefromage.com\/blog\/index.php\/wp-json\/wp\/v2\/posts\/16707\/revisions"}],"predecessor-version":[{"id":16713,"href":"https:\/\/entrelapoireetlefromage.com\/blog\/index.php\/wp-json\/wp\/v2\/posts\/16707\/revisions\/16713"}],"wp:featuredmedia":[{"embeddable":true,"href":"https:\/\/entrelapoireetlefromage.com\/blog\/index.php\/wp-json\/wp\/v2\/media\/16708"}],"wp:attachment":[{"href":"https:\/\/entrelapoireetlefromage.com\/blog\/index.php\/wp-json\/wp\/v2\/media?parent=16707"}],"wp:term":[{"taxonomy":"category","embeddable":true,"href":"https:\/\/entrelapoireetlefromage.com\/blog\/index.php\/wp-json\/wp\/v2\/categories?post=16707"},{"taxonomy":"post_tag","embeddable":true,"href":"https:\/\/entrelapoireetlefromage.com\/blog\/index.php\/wp-json\/wp\/v2\/tags?post=16707"}],"curies":[{"name":"wp","href":"https:\/\/api.w.org\/{rel}","templated":true}]}}