{"id":14502,"date":"2025-10-31T16:58:53","date_gmt":"2025-10-31T15:58:53","guid":{"rendered":"https:\/\/entrelapoireetlefromage.com\/blog\/?p=14502"},"modified":"2025-11-20T13:29:07","modified_gmt":"2025-11-20T12:29:07","slug":"tarte-fine-aux-pommes-maison-la-recette-facile-et-elegante-de-lautomne","status":"publish","type":"post","link":"https:\/\/entrelapoireetlefromage.com\/blog\/index.php\/2025\/10\/31\/tarte-fine-aux-pommes-maison-la-recette-facile-et-elegante-de-lautomne\/","title":{"rendered":"Tarte Fine aux Pommes Maison: La Recette Facile et El\u00e9gante de l\u2019Automne"},"content":{"rendered":"\n<p>L\u2019automne est sans doute la saison la plus g\u00e9n\u00e9reuse lorsqu\u2019il s\u2019agit de parfums et de couleurs. Les march\u00e9s se parent de courges aux teintes chaleureuses, de noix croquantes et, bien s\u00fbr, de pommes, reines incontest\u00e9es des vergers. <\/p>\n\n\n\n<p>C\u2019est pr\u00e9cis\u00e9ment \u00e0 elles que je consacre cette recette, une tarte fine aux pommes, \u00e9l\u00e9gante et simple, qui illustre parfaitement la douceur de cette saison.<\/p>\n\n\n\n<!--more-->\n\n\n\n<p><strong>Un dessert \u00e0 la fois rustique et raffin\u00e9<\/strong><\/p>\n\n\n\n<p>La tarte fine aux pommes a ce charme unique : celui d\u2019un dessert d\u2019antan qui se pr\u00eate aussi bien \u00e0 un go\u00fbter improvis\u00e9 qu\u2019\u00e0 une fin de repas soign\u00e9e. Ici, point de lourde garniture ni de cr\u00e8me \u00e9paisse. Seules les pommes, plac\u00e9es sur une p\u00e2te feuillet\u00e9e dor\u00e9e, suffisent \u00e0 exprimer toute la richesse de leur saveur. Un soup\u00e7on de sucre, un voile de confiture, et la magie op\u00e8re.<\/p>\n\n\n\n<p><strong>La brillance de l\u2019artisanat<\/strong><\/p>\n\n\n\n<p>Ce qui distingue une belle tarte fine, c\u2019est cette brillance d\u00e9licate qui attire imm\u00e9diatement le regard. Le secret ? Un l\u00e9ger badigeon de confiture d\u2019abricot, qui apporte \u00e0 la fois \u00e9clat et une note fruit\u00e9e suppl\u00e9mentaire. Le r\u00e9sultat est irr\u00e9sistible : une tarte qui semble sortir tout droit de la vitrine d\u2019une p\u00e2tisserie, mais que l\u2019on r\u00e9alise en toute simplicit\u00e9 \u00e0 la maison.<\/p>\n\n\n\n<p>Pr\u00e9sent\u00e9e sous forme rectangulaire, cette tarte est parfaite pour \u00eatre partag\u00e9e. Elle demande peu d\u2019ingr\u00e9dients, tous faciles \u00e0 trouver, et se pr\u00e9pare en moins d\u2019une heure. L\u2019id\u00e9al pour profiter d\u2019un dimanche apr\u00e8s-midi couvert, avec une tasse de th\u00e9 fumant et quelques amis autour de la table.<\/p>\n\n\n<div class=\"wp-block-image\">\n<figure class=\"aligncenter size-full\"><img loading=\"lazy\" decoding=\"async\" width=\"413\" height=\"640\" src=\"https:\/\/entrelapoireetlefromage.com\/blog\/wp-content\/uploads\/2025\/09\/Tarte-Fine-aux-Pommes-5.jpg\" alt=\"\" class=\"wp-image-14503\" srcset=\"https:\/\/entrelapoireetlefromage.com\/blog\/wp-content\/uploads\/2025\/09\/Tarte-Fine-aux-Pommes-5.jpg 413w, https:\/\/entrelapoireetlefromage.com\/blog\/wp-content\/uploads\/2025\/09\/Tarte-Fine-aux-Pommes-5-194x300.jpg 194w\" sizes=\"auto, (max-width: 413px) 100vw, 413px\" \/><\/figure>\n<\/div>\n\n\n<p><\/p>\n\n\n\n<p>Temps de pr\u00e9paration: 20 minutes<\/p>\n\n\n\n<p>Temps de cuisson: 25 \u00e0 30 minutes<\/p>\n\n\n\n<p>Ingr\u00e9dients (Pour 8 personnes):<\/p>\n\n\n\n<ul class=\"wp-block-list\">\n<li>1 rouleau de p\u00e2te feuillet\u00e9e rectangulaire<\/li>\n\n\n\n<li>4 \u00e0 5 pommes (Golden ou Reine des Reinettes)<\/li>\n\n\n\n<li>20 g de sucre<\/li>\n\n\n\n<li>1 sachet de sucre vanill\u00e9<\/li>\n\n\n\n<li>2 c \u00e0 s de confiture d\u2019abricot + 1 c \u00e0 s d\u2019eau<\/li>\n<\/ul>\n\n\n<div class=\"wp-block-image\">\n<figure class=\"aligncenter size-full\"><img loading=\"lazy\" decoding=\"async\" width=\"427\" height=\"640\" src=\"https:\/\/entrelapoireetlefromage.com\/blog\/wp-content\/uploads\/2025\/09\/Tarte-Fine-aux-Pommes-6.jpg\" alt=\"\" class=\"wp-image-14504\" srcset=\"https:\/\/entrelapoireetlefromage.com\/blog\/wp-content\/uploads\/2025\/09\/Tarte-Fine-aux-Pommes-6.jpg 427w, https:\/\/entrelapoireetlefromage.com\/blog\/wp-content\/uploads\/2025\/09\/Tarte-Fine-aux-Pommes-6-200x300.jpg 200w\" sizes=\"auto, (max-width: 427px) 100vw, 427px\" \/><\/figure>\n<\/div>\n\n\n<p>Pr\u00e9paration:<\/p>\n\n\n\n<p>Pr\u00e9chauffez le four \u00e0 180 \u00b0C.<\/p>\n\n\n\n<p>Pelez les pommes, coupez-les en deux puis retirez leur c\u0153ur avec une cuill\u00e8re parisienne. D\u00e9taillez-les en fines lamelles.<\/p>\n\n\n\n<p>Disposez la p\u00e2te feuillet\u00e9e sur une plaque recouverte de papier cuisson, coupez-la en 8 rectangles \u00e9gaux puis piquez-les \u00e0 la fourchette en laissant un petit bord libre.<\/p>\n\n\n\n<p>Alignez harmonieusement la pomme \u00e9minc\u00e9e sur les rectangles de p\u00e2te feuillet\u00e9e, saupoudrez de sucre et sucre vanill\u00e9. Puis enfournez 25 \u00e0 30 minutes jusqu\u2019\u00e0 obtenir une p\u00e2te croustillante et des pommes dor\u00e9es.<\/p>\n\n\n\n<p>A la sortie du four, faites chauffer la confiture d\u2019abricot avec l\u2019eau, puis badigeonnez la tarte \u00e0 l&rsquo;aide d&rsquo;un pinceau de cuisine pour lui donner tout son \u00e9clat.<\/p>\n\n\n\n<p>Servez encore ti\u00e8de, avec pourquoi pas une boule de glace vanille ou un nuage de cr\u00e8me fouett\u00e9e. C\u2019est un dessert qui c\u00e9l\u00e8bre la simplicit\u00e9, la convivialit\u00e9 et la saisonnalit\u00e9 \u2014 une ode \u00e0 l\u2019automne, \u00e0 partager sans mod\u00e9ration.<\/p>\n","protected":false},"excerpt":{"rendered":"<p>L\u2019automne est sans doute la saison la plus g\u00e9n\u00e9reuse lorsqu\u2019il s\u2019agit de parfums et de couleurs. Les march\u00e9s se parent de courges aux teintes chaleureuses, &hellip; <\/p>\n","protected":false},"author":1,"featured_media":14503,"comment_status":"open","ping_status":"open","sticky":false,"template":"","format":"standard","meta":{"_exactmetrics_skip_tracking":false,"_exactmetrics_sitenote_active":false,"_exactmetrics_sitenote_note":"","_exactmetrics_sitenote_category":0,"footnotes":""},"categories":[8],"tags":[100,660,170,114],"class_list":["post-14502","post","type-post","status-publish","format-standard","has-post-thumbnail","hentry","category-7desserts","tag-dessert","tag-gouter","tag-pomme","tag-tarte"],"_links":{"self":[{"href":"https:\/\/entrelapoireetlefromage.com\/blog\/index.php\/wp-json\/wp\/v2\/posts\/14502","targetHints":{"allow":["GET"]}}],"collection":[{"href":"https:\/\/entrelapoireetlefromage.com\/blog\/index.php\/wp-json\/wp\/v2\/posts"}],"about":[{"href":"https:\/\/entrelapoireetlefromage.com\/blog\/index.php\/wp-json\/wp\/v2\/types\/post"}],"author":[{"embeddable":true,"href":"https:\/\/entrelapoireetlefromage.com\/blog\/index.php\/wp-json\/wp\/v2\/users\/1"}],"replies":[{"embeddable":true,"href":"https:\/\/entrelapoireetlefromage.com\/blog\/index.php\/wp-json\/wp\/v2\/comments?post=14502"}],"version-history":[{"count":8,"href":"https:\/\/entrelapoireetlefromage.com\/blog\/index.php\/wp-json\/wp\/v2\/posts\/14502\/revisions"}],"predecessor-version":[{"id":15091,"href":"https:\/\/entrelapoireetlefromage.com\/blog\/index.php\/wp-json\/wp\/v2\/posts\/14502\/revisions\/15091"}],"wp:featuredmedia":[{"embeddable":true,"href":"https:\/\/entrelapoireetlefromage.com\/blog\/index.php\/wp-json\/wp\/v2\/media\/14503"}],"wp:attachment":[{"href":"https:\/\/entrelapoireetlefromage.com\/blog\/index.php\/wp-json\/wp\/v2\/media?parent=14502"}],"wp:term":[{"taxonomy":"category","embeddable":true,"href":"https:\/\/entrelapoireetlefromage.com\/blog\/index.php\/wp-json\/wp\/v2\/categories?post=14502"},{"taxonomy":"post_tag","embeddable":true,"href":"https:\/\/entrelapoireetlefromage.com\/blog\/index.php\/wp-json\/wp\/v2\/tags?post=14502"}],"curies":[{"name":"wp","href":"https:\/\/api.w.org\/{rel}","templated":true}]}}