{"id":1189,"date":"2016-02-26T13:53:53","date_gmt":"2016-02-26T12:53:53","guid":{"rendered":"http:\/\/entrelapoireetlefromage.com\/blog\/?p=1189"},"modified":"2026-01-24T13:03:01","modified_gmt":"2026-01-24T12:03:01","slug":"verrines-de-pomelo-en-gelee-dagrumes","status":"publish","type":"post","link":"https:\/\/entrelapoireetlefromage.com\/blog\/index.php\/2016\/02\/26\/verrines-de-pomelo-en-gelee-dagrumes\/","title":{"rendered":"Verrines de Pom\u00e9lo en Gel\u00e9e d&rsquo;Agrumes"},"content":{"rendered":"\n<p>Nous sommes en pleine saison des agrumes, alors profitons-en! Voici une nouvelle recette pleine de couleurs et de vitamines. Servez ces verrines&nbsp;en guise de mignardises en fin de repas ou encore dans un assortiment de desserts, pour accompagner vos caf\u00e9s gourmands. Elles feront leur effet&#8230;<\/p>\n\n\n\n<!--more-->\n\n\n\n<p>Personnellement, je ne suis pas une adepte des gel\u00e9es, mais celle-ci est particuli\u00e8rement d\u00e9licate et les proportions&nbsp;sucr\u00e9 \/ acidit\u00e9 sont&nbsp;parfaitement \u00e9quilibr\u00e9es.<\/p>\n\n\n\n<p>Par ailleurs, dans cette recette, les zestes \u00e9tant pr\u00e9lev\u00e9s et cuisin\u00e9s, veillez bien \u00e0 vous procurer des agrumes bio.<\/p>\n\n\n\n<p><\/p>\n\n\n<div class=\"wp-block-image\">\n<figure class=\"aligncenter size-full\"><img loading=\"lazy\" decoding=\"async\" width=\"427\" height=\"640\" src=\"https:\/\/entrelapoireetlefromage.com\/blog\/wp-content\/uploads\/2016\/02\/Verrines-de-Pamplemousse-en-Gelee-dAgrumes-2.png\" alt=\"\" class=\"wp-image-15651\" srcset=\"https:\/\/entrelapoireetlefromage.com\/blog\/wp-content\/uploads\/2016\/02\/Verrines-de-Pamplemousse-en-Gelee-dAgrumes-2.png 427w, https:\/\/entrelapoireetlefromage.com\/blog\/wp-content\/uploads\/2016\/02\/Verrines-de-Pamplemousse-en-Gelee-dAgrumes-2-200x300.png 200w\" sizes=\"auto, (max-width: 427px) 100vw, 427px\" \/><\/figure>\n<\/div>\n\n\n<p><\/p>\n\n\n\n<p>Temps de r\u00e9frig\u00e9ration: 2 heures minimum<\/p>\n\n\n\n<p>Temps de cuisson:15 minutes<\/p>\n\n\n\n<p>Ingr\u00e9dients: (Pour&nbsp;6 personnes)<\/p>\n\n\n\n<ul class=\"wp-block-list\">\n<li>1 pom\u00e9lo<\/li>\n\n\n\n<li>1 orange<\/li>\n\n\n\n<li>2 cl\u00e9mentines<\/li>\n\n\n\n<li>75 g de sucre en poudre<\/li>\n\n\n\n<li>3 feuilles de g\u00e9latine<\/li>\n<\/ul>\n\n\n\n<p><\/p>\n\n\n<div class=\"wp-block-image\">\n<figure class=\"aligncenter size-full\"><img loading=\"lazy\" decoding=\"async\" width=\"427\" height=\"640\" src=\"https:\/\/entrelapoireetlefromage.com\/blog\/wp-content\/uploads\/2016\/02\/Verrines-de-Pamplemousse-en-Gelee-dAgrumes-1.png\" alt=\"\" class=\"wp-image-15652\" srcset=\"https:\/\/entrelapoireetlefromage.com\/blog\/wp-content\/uploads\/2016\/02\/Verrines-de-Pamplemousse-en-Gelee-dAgrumes-1.png 427w, https:\/\/entrelapoireetlefromage.com\/blog\/wp-content\/uploads\/2016\/02\/Verrines-de-Pamplemousse-en-Gelee-dAgrumes-1-200x300.png 200w\" sizes=\"auto, (max-width: 427px) 100vw, 427px\" \/><\/figure>\n<\/div>\n\n\n<p><\/p>\n\n\n\n<p>Instructions:<\/p>\n\n\n\n<p>Lavez et s\u00e9chez les agrumes.<\/p>\n\n\n\n<p>Pr\u00e9levez un zeste de chaque agrume \u00e0 l\u2019aide d\u2019un \u00e9pluche-l\u00e9gume, puis coupez-les en fines lani\u00e8res.<\/p>\n\n\n\n<p>Portez un petit volume d\u2019eau \u00e0 \u00e9bullition, puis plongez-y les zestes durant deux minutes. \u00c9gouttez-les puis passez-les sous l\u2019eau froide.<\/p>\n\n\n\n<p>R\u00e9p\u00e9tez l\u2019op\u00e9ration et r\u00e9servez.<\/p>\n\n\n\n<p>Mettez&nbsp;la g\u00e9latine \u00e0 ramollir dans un bol d&rsquo;eau froide.<\/p>\n\n\n\n<p>Pelez le pom\u00e9lo&nbsp;\u00e0 vif de d\u00e9tachez-en les quartiers que vous d\u00e9poserez dans des verrines individuelles.<\/p>\n\n\n\n<p>Pressez l\u2019orange et les cl\u00e9mentines.<\/p>\n\n\n\n<p>Filtrez-en le jus et versez-le dans une casserole, avec le sucre et les zestes d\u2019agrumes. Portez \u00e0 \u00e9bullition et laissez fr\u00e9mir 10 minutes.<\/p>\n\n\n\n<p>Pass\u00e9 ce temps, ajoutez la g\u00e9latine pr\u00e9alablement \u00e9goutt\u00e9e entre vos mains.<\/p>\n\n\n\n<p>Versez aussit\u00f4t la pr\u00e9paration sur les quartiers de pom\u00e9los, laissez refroidir, puis d\u00e9posez les verrines au r\u00e9frig\u00e9rateur pour deux heures minimum.<\/p>\n\n\n\n<p>Servez bien frais.<\/p>\n","protected":false},"excerpt":{"rendered":"<p>Nous sommes en pleine saison des agrumes, alors profitons-en! Voici une nouvelle recette pleine de couleurs et de vitamines. Servez ces verrines&nbsp;en guise de mignardises &hellip; <\/p>\n","protected":false},"author":1,"featured_media":15652,"comment_status":"open","ping_status":"open","sticky":false,"template":"","format":"standard","meta":{"_exactmetrics_skip_tracking":false,"_exactmetrics_sitenote_active":false,"_exactmetrics_sitenote_note":"","_exactmetrics_sitenote_category":0,"footnotes":""},"categories":[8],"tags":[330,100,1137,1004,193,343],"class_list":["post-1189","post","type-post","status-publish","format-standard","has-post-thumbnail","hentry","category-7desserts","tag-clementine","tag-dessert","tag-gelee-de-fruits","tag-mignardises","tag-orange","tag-pomelo"],"_links":{"self":[{"href":"https:\/\/entrelapoireetlefromage.com\/blog\/index.php\/wp-json\/wp\/v2\/posts\/1189","targetHints":{"allow":["GET"]}}],"collection":[{"href":"https:\/\/entrelapoireetlefromage.com\/blog\/index.php\/wp-json\/wp\/v2\/posts"}],"about":[{"href":"https:\/\/entrelapoireetlefromage.com\/blog\/index.php\/wp-json\/wp\/v2\/types\/post"}],"author":[{"embeddable":true,"href":"https:\/\/entrelapoireetlefromage.com\/blog\/index.php\/wp-json\/wp\/v2\/users\/1"}],"replies":[{"embeddable":true,"href":"https:\/\/entrelapoireetlefromage.com\/blog\/index.php\/wp-json\/wp\/v2\/comments?post=1189"}],"version-history":[{"count":13,"href":"https:\/\/entrelapoireetlefromage.com\/blog\/index.php\/wp-json\/wp\/v2\/posts\/1189\/revisions"}],"predecessor-version":[{"id":15653,"href":"https:\/\/entrelapoireetlefromage.com\/blog\/index.php\/wp-json\/wp\/v2\/posts\/1189\/revisions\/15653"}],"wp:featuredmedia":[{"embeddable":true,"href":"https:\/\/entrelapoireetlefromage.com\/blog\/index.php\/wp-json\/wp\/v2\/media\/15652"}],"wp:attachment":[{"href":"https:\/\/entrelapoireetlefromage.com\/blog\/index.php\/wp-json\/wp\/v2\/media?parent=1189"}],"wp:term":[{"taxonomy":"category","embeddable":true,"href":"https:\/\/entrelapoireetlefromage.com\/blog\/index.php\/wp-json\/wp\/v2\/categories?post=1189"},{"taxonomy":"post_tag","embeddable":true,"href":"https:\/\/entrelapoireetlefromage.com\/blog\/index.php\/wp-json\/wp\/v2\/tags?post=1189"}],"curies":[{"name":"wp","href":"https:\/\/api.w.org\/{rel}","templated":true}]}}