{"id":10480,"date":"2022-10-09T15:40:32","date_gmt":"2022-10-09T14:40:32","guid":{"rendered":"https:\/\/entrelapoireetlefromage.com\/blog\/?p=10480"},"modified":"2024-10-15T13:35:46","modified_gmt":"2024-10-15T12:35:46","slug":"les-artisans-du-sel","status":"publish","type":"post","link":"https:\/\/entrelapoireetlefromage.com\/blog\/index.php\/2022\/10\/09\/les-artisans-du-sel\/","title":{"rendered":"Les Artisans du Sel"},"content":{"rendered":"\n<p>Cr\u00e9\u00e9e en 1999 par un Paludier Gu\u00e9randais, l&rsquo;entreprise <strong><em>Les Artisans du Sel<\/em><\/strong> est depuis 2018 une structure familiale g\u00e9r\u00e9e par M\u00e9r\u00e9dith et Gautier F\u00e9rard, fr\u00e8re et s\u0153ur originaires de la presqu&rsquo;\u00eele de Gu\u00e9rande.<\/p>\n\n\n\n<p>Fort de quatre ann\u00e9es de labeur, l&rsquo;entreprise s&rsquo;est d\u00e9velopp\u00e9e loin de la fr\u00e9n\u00e9sie industrielle pour redonner au m\u00e9tier de paludier toutes ces lettres de noblesse, en favorisant l&rsquo;artisanat et l&rsquo;\u00e9co\u00e9nergie.<\/p>\n\n\n<div class=\"wp-block-image\">\n<figure class=\"aligncenter size-full\"><img loading=\"lazy\" decoding=\"async\" width=\"400\" height=\"251\" src=\"https:\/\/entrelapoireetlefromage.com\/blog\/wp-content\/uploads\/2022\/11\/Logo-Artisans-du-sel.jpeg\" alt=\"\" class=\"wp-image-10596\" srcset=\"https:\/\/entrelapoireetlefromage.com\/blog\/wp-content\/uploads\/2022\/11\/Logo-Artisans-du-sel.jpeg 400w, https:\/\/entrelapoireetlefromage.com\/blog\/wp-content\/uploads\/2022\/11\/Logo-Artisans-du-sel-300x188.jpeg 300w\" sizes=\"auto, (max-width: 400px) 100vw, 400px\" \/><\/figure>\n<\/div>\n\n\n<p>De la r\u00e9ception du Sel et de la Fleur, \u00e0 sa livraison chez les clients, l&rsquo;entreprise g\u00e8re toutes les \u00e9tapes dans son atelier afin de garantir une qualit\u00e9 optimum.<\/p>\n\n\n\n<p>Le respect de la mati\u00e8re premi\u00e8re est au c\u0153ur de leurs pr\u00e9occupations, tout en privil\u00e9giant la qualit\u00e9 des produits ajout\u00e9s dans le cadre de leur production. Aussi, toutes les \u00e9pices, herbes &amp; algues introduits sont issus de l&rsquo;agriculture biologique.<\/p>\n\n\n<div class=\"wp-block-image\">\n<figure class=\"alignleft size-full is-resized\"><img loading=\"lazy\" decoding=\"async\" width=\"400\" height=\"400\" src=\"https:\/\/entrelapoireetlefromage.com\/blog\/wp-content\/uploads\/2022\/10\/nature-et-progres_2.png\" alt=\"\" class=\"wp-image-10491\" style=\"width:165px;height:165px\" srcset=\"https:\/\/entrelapoireetlefromage.com\/blog\/wp-content\/uploads\/2022\/10\/nature-et-progres_2.png 400w, https:\/\/entrelapoireetlefromage.com\/blog\/wp-content\/uploads\/2022\/10\/nature-et-progres_2-300x300.png 300w, https:\/\/entrelapoireetlefromage.com\/blog\/wp-content\/uploads\/2022\/10\/nature-et-progres_2-150x150.png 150w\" sizes=\"auto, (max-width: 400px) 100vw, 400px\" \/><\/figure>\n<\/div>\n\n\n<p>Les produits de l&rsquo;entreprise ont m\u00eame obtenus la mention <strong>Nature &amp; Progr\u00e8s<\/strong>, une association qui regroupe plus de 1000 producteurs et transformateurs de produits agricoles, alimentaires et cosm\u00e9tiques et qui garantit des produits alimentaires respectueux de l&rsquo;\u00e9quilibre des \u00e9cosyst\u00e8mes, des hommes et des animaux.<\/p>\n\n\n\n<p>C&rsquo;est donc un grand plaisir pour moi de vous pr\u00e9senter cette entreprise aux valeurs \u00e9tiques et engag\u00e9es et qui offre un large choix de fleurs de sel et de sels naturels ou aromatis\u00e9s, mais aussi de gros sel, court-bouillon et autres caramels gourmands.<\/p>\n\n\n\n<div class=\"wp-block-group\"><div class=\"wp-block-group__inner-container is-layout-flow wp-block-group-is-layout-flow\">\n<div class=\"wp-block-group\"><div class=\"wp-block-group__inner-container is-layout-flow wp-block-group-is-layout-flow\">\n<div class=\"wp-block-group\"><div class=\"wp-block-group__inner-container is-layout-flow wp-block-group-is-layout-flow\">\n<div class=\"wp-block-group is-vertical is-content-justification-right is-layout-flex wp-container-core-group-is-layout-b6c475e2 wp-block-group-is-layout-flex\">\n<p class=\"has-text-align-right has-small-font-size\"><em><strong>Les Artisans du Sel<\/strong><\/em><\/p>\n\n\n\n<p class=\"has-text-align-right has-small-font-size\"><strong>22 rue des Salamandres &#8211; 44350 GUERANDE<\/strong><\/p>\n\n\n\n<p class=\"has-text-align-right has-small-font-size\"><strong>www.artisansdusel.fr<\/strong><\/p>\n<\/div>\n<\/div><\/div>\n<\/div><\/div>\n<\/div><\/div>\n","protected":false},"excerpt":{"rendered":"<p>Cr\u00e9\u00e9e en 1999 par un Paludier Gu\u00e9randais, l&rsquo;entreprise Les Artisans du Sel est depuis 2018 une structure familiale g\u00e9r\u00e9e par M\u00e9r\u00e9dith et Gautier F\u00e9rard, fr\u00e8re &hellip; <\/p>\n","protected":false},"author":1,"featured_media":10481,"comment_status":"open","ping_status":"open","sticky":false,"template":"","format":"standard","meta":{"_exactmetrics_skip_tracking":false,"_exactmetrics_sitenote_active":false,"_exactmetrics_sitenote_note":"","_exactmetrics_sitenote_category":0,"footnotes":""},"categories":[523],"tags":[],"class_list":["post-10480","post","type-post","status-publish","format-standard","has-post-thumbnail","hentry","category-jai-teste-pour-vous-restaurants"],"_links":{"self":[{"href":"https:\/\/entrelapoireetlefromage.com\/blog\/index.php\/wp-json\/wp\/v2\/posts\/10480","targetHints":{"allow":["GET"]}}],"collection":[{"href":"https:\/\/entrelapoireetlefromage.com\/blog\/index.php\/wp-json\/wp\/v2\/posts"}],"about":[{"href":"https:\/\/entrelapoireetlefromage.com\/blog\/index.php\/wp-json\/wp\/v2\/types\/post"}],"author":[{"embeddable":true,"href":"https:\/\/entrelapoireetlefromage.com\/blog\/index.php\/wp-json\/wp\/v2\/users\/1"}],"replies":[{"embeddable":true,"href":"https:\/\/entrelapoireetlefromage.com\/blog\/index.php\/wp-json\/wp\/v2\/comments?post=10480"}],"version-history":[{"count":25,"href":"https:\/\/entrelapoireetlefromage.com\/blog\/index.php\/wp-json\/wp\/v2\/posts\/10480\/revisions"}],"predecessor-version":[{"id":12005,"href":"https:\/\/entrelapoireetlefromage.com\/blog\/index.php\/wp-json\/wp\/v2\/posts\/10480\/revisions\/12005"}],"wp:featuredmedia":[{"embeddable":true,"href":"https:\/\/entrelapoireetlefromage.com\/blog\/index.php\/wp-json\/wp\/v2\/media\/10481"}],"wp:attachment":[{"href":"https:\/\/entrelapoireetlefromage.com\/blog\/index.php\/wp-json\/wp\/v2\/media?parent=10480"}],"wp:term":[{"taxonomy":"category","embeddable":true,"href":"https:\/\/entrelapoireetlefromage.com\/blog\/index.php\/wp-json\/wp\/v2\/categories?post=10480"},{"taxonomy":"post_tag","embeddable":true,"href":"https:\/\/entrelapoireetlefromage.com\/blog\/index.php\/wp-json\/wp\/v2\/tags?post=10480"}],"curies":[{"name":"wp","href":"https:\/\/api.w.org\/{rel}","templated":true}]}}